{"id":1198,"date":"2023-05-13T07:26:00","date_gmt":"2023-05-13T07:26:00","guid":{"rendered":"https:\/\/iheartbooks.ch\/?p=1198"},"modified":"2023-05-13T08:05:08","modified_gmt":"2023-05-13T08:05:08","slug":"read-into-me-%e2%ad%90%e2%ad%90%e2%ad%90%e2%ad%90%e2%ad%90","status":"publish","type":"post","link":"https:\/\/iheartbooks.ch\/?p=1198","title":{"rendered":"Read into me \u2b50\u2b50\u2b50\u2b50\u2b50"},"content":{"rendered":"\n<div class=\"wp-block-media-text alignwide is-stacked-on-mobile is-vertically-aligned-top\" style=\"grid-template-columns:30% auto\"><figure class=\"wp-block-media-text__media\"><a href=\"https:\/\/www.hoerbuch-hamburg.de\/read-me\/978-3-8449-3468-7\" target=\"_blank\" rel=\"noreferrer noopener\"><img loading=\"lazy\" decoding=\"async\" width=\"600\" height=\"600\" src=\"https:\/\/iheartbooks.ch\/wp-content\/uploads\/2023\/05\/read-into-me.jpeg\" alt=\"\" class=\"wp-image-1202 size-full\" srcset=\"https:\/\/iheartbooks.ch\/wp-content\/uploads\/2023\/05\/read-into-me.jpeg 600w, https:\/\/iheartbooks.ch\/wp-content\/uploads\/2023\/05\/read-into-me-300x300.jpeg 300w, https:\/\/iheartbooks.ch\/wp-content\/uploads\/2023\/05\/read-into-me-150x150.jpeg 150w\" sizes=\"auto, (max-width: 600px) 100vw, 600px\" \/><\/a><\/figure><div class=\"wp-block-media-text__content\">\n<p class=\"has-drop-cap\"><mark style=\"background-color:rgba(0, 0, 0, 0)\" class=\"has-inline-color has-accent-1-color\">B<\/mark>\u00fccher \u00fcber B\u00fccher und das Buchwesen faszinieren mich einfach. Der Klappentext hat also gleich mein Interesse geweckt. Und da eine meiner Lieblingssprecherinnen die H\u00f6rbuchfassung gelesen hat, wusste ich, dass ich es unbedingt h\u00f6ren m\u00f6chte.<\/p>\n\n\n\n<p>Aline Schwarz hat einen sehr angenehmen Schreibstil. Der Aufbau ist strukturiert und es liest bzw. h\u00f6rt sich sehr gleichm\u00e4ssig und logisch an. Da gibt es nichts zu meckern. Auch waren einige Szenen einfach nur irre witzig geschrieben \u2013 der Running Gag mit dem zweiten Vornamen? Klasse. Ebenso die Dialoge und Wortgefechte.<\/p>\n\n\n\n<p>Die Protas, Olivia, Lektorin, und James J. Cohen, Bestsellerautor mit Schreibblockade, sind sehr sch\u00f6n ausgearbeitet und waren mir auf Anhieb sympathisch. Liv, ist manchmal ein bisschen direkter als sie es sich w\u00fcnscht und prescht mit ihren ausgesprochenen Gedanken teilweise sehr vor. James war mir manchmal ein bisschen zu grummelig, aber das hat ihm eigentlich auch wieder diesen Einsiedler-Charme verpasst. Alles in allem \u2013 sch\u00f6ne Protas.<\/p>\n\n\n\n<p>Was mir aber am allerbesten gefiel? Dagmar Bittner hat es unglaublich toll gelesen!!! Man konnte das Augenrollen sogar raush\u00f6ren. Sie hat es einfach perfekt gelesen, finde ich. Die Charaktereigenschaften der Protagonisten wurden somit einfach viel mehr hervorgehoben und ehrlich? Ich denke, es als Buch zu lesen, h\u00e4tte mir zwar gefallen, aber durch das H\u00f6rbuch hat es so viel mehr gewonnen. Dank Dagmar Bittner.<\/p>\n\n\n\n<p>Ich fands klasse!<\/p>\n<\/div><\/div>\n\n\n\n<p>Erschienen bei <a href=\"https:\/\/www.hoerbuch-hamburg.de\/read-me\/978-3-8449-3468-7\" target=\"_blank\" rel=\"noreferrer noopener\">H\u00f6rbuch Hamburg<\/a> (Cover \u00a9 H\u00f6rbuch Hamburg)<\/p>\n","protected":false},"excerpt":{"rendered":"<p>B\u00fccher \u00fcber B\u00fccher und das Buchwesen faszinieren mich einfach. Der Klappentext hat also gleich mein Interesse geweckt. Und da eine meiner Lieblingssprecherinnen die H\u00f6rbuchfassung gelesen &hellip;<\/p>\n","protected":false},"author":1,"featured_media":0,"comment_status":"open","ping_status":"closed","sticky":false,"template":"","format":"standard","meta":{"footnotes":""},"categories":[21,73],"tags":[845,429,105,174,8,112,538,516,846,11,256,847,172],"class_list":["post-1198","post","type-post","status-publish","format-standard","hentry","category-hoerbuecher","category-romance-und-young-adult","tag-aline-schwarz","tag-autor","tag-dagmar-bittner","tag-familie","tag-happy-end","tag-hoerbuch-hamburg","tag-i-heart-books","tag-iheartbooks","tag-lektorat","tag-liebe","tag-new-york","tag-schreibblockade","tag-vergangenheit"],"_links":{"self":[{"href":"https:\/\/iheartbooks.ch\/index.php?rest_route=\/wp\/v2\/posts\/1198","targetHints":{"allow":["GET"]}}],"collection":[{"href":"https:\/\/iheartbooks.ch\/index.php?rest_route=\/wp\/v2\/posts"}],"about":[{"href":"https:\/\/iheartbooks.ch\/index.php?rest_route=\/wp\/v2\/types\/post"}],"author":[{"embeddable":true,"href":"https:\/\/iheartbooks.ch\/index.php?rest_route=\/wp\/v2\/users\/1"}],"replies":[{"embeddable":true,"href":"https:\/\/iheartbooks.ch\/index.php?rest_route=%2Fwp%2Fv2%2Fcomments&post=1198"}],"version-history":[{"count":5,"href":"https:\/\/iheartbooks.ch\/index.php?rest_route=\/wp\/v2\/posts\/1198\/revisions"}],"predecessor-version":[{"id":1218,"href":"https:\/\/iheartbooks.ch\/index.php?rest_route=\/wp\/v2\/posts\/1198\/revisions\/1218"}],"wp:attachment":[{"href":"https:\/\/iheartbooks.ch\/index.php?rest_route=%2Fwp%2Fv2%2Fmedia&parent=1198"}],"wp:term":[{"taxonomy":"category","embeddable":true,"href":"https:\/\/iheartbooks.ch\/index.php?rest_route=%2Fwp%2Fv2%2Fcategories&post=1198"},{"taxonomy":"post_tag","embeddable":true,"href":"https:\/\/iheartbooks.ch\/index.php?rest_route=%2Fwp%2Fv2%2Ftags&post=1198"}],"curies":[{"name":"wp","href":"https:\/\/api.w.org\/{rel}","templated":true}]}}