{"id":1460,"date":"2023-08-15T10:16:11","date_gmt":"2023-08-15T10:16:11","guid":{"rendered":"https:\/\/iheartbooks.ch\/?p=1460"},"modified":"2023-08-15T10:16:11","modified_gmt":"2023-08-15T10:16:11","slug":"das-glueck-der-geschichtensammlerin-%e2%ad%90%e2%ad%90%e2%ad%90%e2%ad%90%e2%ad%90","status":"publish","type":"post","link":"https:\/\/iheartbooks.ch\/?p=1460","title":{"rendered":"Das Gl\u00fcck der Geschichtensammlerin \u2b50\u2b50\u2b50\u2b50\u2b50"},"content":{"rendered":"\n<div class=\"wp-block-media-text is-stacked-on-mobile is-vertically-aligned-top\" style=\"grid-template-columns:30% auto\"><figure class=\"wp-block-media-text__media\"><img loading=\"lazy\" decoding=\"async\" width=\"1024\" height=\"1024\" src=\"https:\/\/iheartbooks.ch\/wp-content\/uploads\/2023\/06\/Das-Glueck-der-Geschichtensammlerin-1024x1024.jpg\" alt=\"\" class=\"wp-image-1339 size-full\" srcset=\"https:\/\/iheartbooks.ch\/wp-content\/uploads\/2023\/06\/Das-Glueck-der-Geschichtensammlerin-1024x1024.jpg 1024w, https:\/\/iheartbooks.ch\/wp-content\/uploads\/2023\/06\/Das-Glueck-der-Geschichtensammlerin-300x300.jpg 300w, https:\/\/iheartbooks.ch\/wp-content\/uploads\/2023\/06\/Das-Glueck-der-Geschichtensammlerin-150x150.jpg 150w, https:\/\/iheartbooks.ch\/wp-content\/uploads\/2023\/06\/Das-Glueck-der-Geschichtensammlerin-768x768.jpg 768w, https:\/\/iheartbooks.ch\/wp-content\/uploads\/2023\/06\/Das-Glueck-der-Geschichtensammlerin.jpg 1200w\" sizes=\"auto, (max-width: 1024px) 100vw, 1024px\" \/><\/figure><div class=\"wp-block-media-text__content\">\n<p class=\"has-drop-cap\"><mark style=\"background-color:rgba(0, 0, 0, 0)\" class=\"has-inline-color has-accent-1-color\">D<\/mark>as Cover des Buches von Sally Page ist mir schon an einigen Orten aufgefallen, ich habe einige Rezensionen gelesen und als ich sah, dass es ein H\u00f6rbuch davon gab und mir die H\u00f6rprobe gefiel, war ich gespannt, was wohl dahinter stecken w\u00fcrde.<\/p>\n\n\n\n<p>Der Schreibstil der Autorin ist angenehm und passt gut zu der Protagonistin. Die Wortwahl ebenso. Gefallen hat mir, dass ein, zweimal noch eine andere kurze Perspektive eingewoben wurde, nicht nur die von Janice, der Prota. Das hat die Storyline etwas aufgepeppt.<\/p>\n\n\n\n<p>Im Zentrum steht Janice, die ihren Unterhalt mit Putzen verdient und sehr introvertiert ist und auch das Gef\u00fchl hat, dass sie gar nicht wirklich von ihrem Umfeld gesehen wird. Sie sammelt die Geschichten anderer Menschen, denkt aber sie habe keine. Aber, Spoiler, hat sie doch. Und das hatte ich nicht kommen sehen.<\/p>\n\n\n\n<p>Sally Page hat eine wirklich vielschichtige Protagonistin erschaffen, die viel mehr Facetten hat, als ich zu Beginn gedacht habe. Ich fand sie wirklich eine gut ausgearbeitete Figur.<\/p>\n\n\n\n<p>Bei den Nebenfiguren h\u00e4tte ich auf einige gut verzichten k\u00f6nnen, aber auch die haben eben dazu beigetragen, das Bild von Janice zu komplettieren. Vor allem Mrs. B. Viel will ich gar nicht verraten, sonst w\u00e4re es nicht mehr spannend.<\/p>\n\n\n\n<p>Zur Sprecherin: Sandra Voss hat eine angenehme Stimme. Bei einigen direkten Reden von Nebenfiguren gefielen mir nicht alle ihre Intonationen, aber sonst fand ich, dass sie sehr gut zu Janice gepasst hat.<\/p>\n\n\n\n<p>Eine sch\u00f6ne Geschichte mit Wendungen, die ich so nicht erwartet h\u00e4tte.<\/p>\n<\/div><\/div>\n\n\n\n<p>Erschienen bei Saga<\/p>\n","protected":false},"excerpt":{"rendered":"<p>Das Cover des Buches von Sally Page ist mir schon an einigen Orten aufgefallen, ich habe einige Rezensionen gelesen und als ich sah, dass es &hellip;<\/p>\n","protected":false},"author":1,"featured_media":0,"comment_status":"open","ping_status":"closed","sticky":false,"template":"","format":"standard","meta":{"footnotes":""},"categories":[21],"tags":[1050,6,174,1045,538,516,11,1047,838,1044,1046,869,1049,39,172,1048],"class_list":["post-1460","post","type-post","status-publish","format-standard","hentry","category-hoerbuecher","tag-cambridge","tag-england","tag-familie","tag-geschichten","tag-i-heart-books","tag-iheartbooks","tag-liebe","tag-putzfrau","tag-saga","tag-sally-page","tag-sammlerin","tag-sandra-voss","tag-schehezerade","tag-trauma","tag-vergangenheit","tag-zuhoererin"],"_links":{"self":[{"href":"https:\/\/iheartbooks.ch\/index.php?rest_route=\/wp\/v2\/posts\/1460","targetHints":{"allow":["GET"]}}],"collection":[{"href":"https:\/\/iheartbooks.ch\/index.php?rest_route=\/wp\/v2\/posts"}],"about":[{"href":"https:\/\/iheartbooks.ch\/index.php?rest_route=\/wp\/v2\/types\/post"}],"author":[{"embeddable":true,"href":"https:\/\/iheartbooks.ch\/index.php?rest_route=\/wp\/v2\/users\/1"}],"replies":[{"embeddable":true,"href":"https:\/\/iheartbooks.ch\/index.php?rest_route=%2Fwp%2Fv2%2Fcomments&post=1460"}],"version-history":[{"count":6,"href":"https:\/\/iheartbooks.ch\/index.php?rest_route=\/wp\/v2\/posts\/1460\/revisions"}],"predecessor-version":[{"id":1471,"href":"https:\/\/iheartbooks.ch\/index.php?rest_route=\/wp\/v2\/posts\/1460\/revisions\/1471"}],"wp:attachment":[{"href":"https:\/\/iheartbooks.ch\/index.php?rest_route=%2Fwp%2Fv2%2Fmedia&parent=1460"}],"wp:term":[{"taxonomy":"category","embeddable":true,"href":"https:\/\/iheartbooks.ch\/index.php?rest_route=%2Fwp%2Fv2%2Fcategories&post=1460"},{"taxonomy":"post_tag","embeddable":true,"href":"https:\/\/iheartbooks.ch\/index.php?rest_route=%2Fwp%2Fv2%2Ftags&post=1460"}],"curies":[{"name":"wp","href":"https:\/\/api.w.org\/{rel}","templated":true}]}}