{"id":2673,"date":"2025-09-08T12:29:30","date_gmt":"2025-09-08T12:29:30","guid":{"rendered":"https:\/\/iheartbooks.ch\/?p=2673"},"modified":"2025-09-08T12:29:30","modified_gmt":"2025-09-08T12:29:30","slug":"the-edge-of-reason-the-edge-reihe-3-%e2%ad%90%e2%ad%90%e2%ad%90%e2%ad%90","status":"publish","type":"post","link":"https:\/\/iheartbooks.ch\/?p=2673","title":{"rendered":"The Edge of Reason \u2013\u00a0The Edge Reihe 3 \u2b50\u2b50\u2b50\u2b50"},"content":{"rendered":"\n<div class=\"wp-block-media-text is-stacked-on-mobile is-vertically-aligned-top\" style=\"grid-template-columns:30% auto\"><figure class=\"wp-block-media-text__media\"><a href=\"https:\/\/www.aufbau-verlage.de\/more\/edge-reason\/978-3-96797-396-9\" target=\"_blank\" rel=\" noreferrer noopener\"><img loading=\"lazy\" decoding=\"async\" width=\"363\" height=\"600\" src=\"https:\/\/iheartbooks.ch\/wp-content\/uploads\/2025\/09\/9783967973969.jpg\" alt=\"\" class=\"wp-image-2676 size-full\" srcset=\"https:\/\/iheartbooks.ch\/wp-content\/uploads\/2025\/09\/9783967973969.jpg 363w, https:\/\/iheartbooks.ch\/wp-content\/uploads\/2025\/09\/9783967973969-182x300.jpg 182w\" sizes=\"auto, (max-width: 363px) 100vw, 363px\" \/><\/a><\/figure><div class=\"wp-block-media-text__content\">\n<p class=\"has-drop-cap\"><mark style=\"background-color:rgba(0, 0, 0, 0)\" class=\"has-inline-color has-accent-1-color\">D<\/mark>a ich bereits Band 1 der Reihe gelesen habe, hatte ich die weiteren B\u00fccher nat\u00fcrlich auch auf dem Radar, allerdings dann wegen einer anderen Reihe wieder auf die Merkliste gesetzt. Und dabei nicht gecheckt, dass es sich hier um Band 3 handelt. Was an und f\u00fcr sich nicht schlimm ist, aber vermutlich empfiehlt es sich wirklich, Band 2 davor zu lesen.<\/p>\n\n\n\n<p>Der Schreibstil ist wie immer bei Julie Saman, daher war ich ziemlich z\u00fcgig durch, denn es liest sich einfach super fluffig und klar. Die Sprache passt, das Setting auch. Und hier auch wieder ein Suspense Element, das dem ganzen noch eine andere Art Spannung bringt. (Auch wenn ich schon so eine Ahnung hatte&#8230;)<\/p>\n\n\n\n<p>Im Zentrum von Band 3 stehen Margot und Drew. Margot ist Krankenschwester und die beste Freundin von Drew, auch wenn er der Ex einer ihrer besten Freundinnen ist. Sie ist clever, arbeitet hart und hat sich einen emotionalen Panzer aufgebaut, durch den kaum ein Durchkommen m\u00f6glich scheint. Nur manchmal, da sind ihre Gedanken in denen sie sich verstrickt ein bisschen toxisch und lang. Sie entwickelt sich ziemlich durch die Story hindurch und es war sch\u00f6n mitzulesen, wie sie sich \u00f6ffnet und auch auf die Gefahr hin verletzt zu werden, Drew in ihr Herz l\u00e4sst. <\/p>\n\n\n\n<p>Drew scheint im Vorg\u00e4nger-Teil nicht wirklich gut weggekommen zu sein. Da ich ihn also nur kurz aus dem ersten Buch kenne, war ich vielleicht etwas anders an die Figur herangef\u00fchrt worden. Ich fand ihn jedenfalls sympathisch und sehr geduldig. Er ist das perfekte Gegengewicht zu Margot. Da hat die Autorin, find ich, eine sch\u00f6ne Balance erschaffen.<\/p>\n\n\n\n<p>Auch dieser Teil gefiel mir gut und so bin ich nun gespannt, wie es mit der Reihe weitergehen wird.<\/p>\n<\/div><\/div>\n\n\n\n<p>Erschienen bei <a href=\"https:\/\/www.aufbau-verlage.de\/more\/edge-reason\/978-3-96797-396-9\" target=\"_blank\" rel=\"noreferrer noopener\">more<\/a> (Cover \u00a9 Aufbau Verlage)<\/p>\n","protected":false},"excerpt":{"rendered":"<p>Da ich bereits Band 1 der Reihe gelesen habe, hatte ich die weiteren B\u00fccher nat\u00fcrlich auch auf dem Radar, allerdings dann wegen einer anderen Reihe &hellip;<\/p>\n","protected":false},"author":1,"featured_media":0,"comment_status":"open","ping_status":"closed","sticky":false,"template":"","format":"standard","meta":{"footnotes":""},"categories":[1731,73],"tags":[697,388,174,465,538,516,1761,318,1256,11,387,1815,1756,296,172],"class_list":["post-2673","post","type-post","status-publish","format-standard","hentry","category-office-romance","category-romance-und-young-adult","tag-arzt","tag-aufbau","tag-familie","tag-from-friends-to-lovers-2","tag-i-heart-books","tag-iheartbooks","tag-julie-saman","tag-krankenhaus","tag-krankenschwester","tag-liebe","tag-more","tag-suspense","tag-the-edge-serie","tag-toxische-beziehung","tag-vergangenheit"],"_links":{"self":[{"href":"https:\/\/iheartbooks.ch\/index.php?rest_route=\/wp\/v2\/posts\/2673","targetHints":{"allow":["GET"]}}],"collection":[{"href":"https:\/\/iheartbooks.ch\/index.php?rest_route=\/wp\/v2\/posts"}],"about":[{"href":"https:\/\/iheartbooks.ch\/index.php?rest_route=\/wp\/v2\/types\/post"}],"author":[{"embeddable":true,"href":"https:\/\/iheartbooks.ch\/index.php?rest_route=\/wp\/v2\/users\/1"}],"replies":[{"embeddable":true,"href":"https:\/\/iheartbooks.ch\/index.php?rest_route=%2Fwp%2Fv2%2Fcomments&post=2673"}],"version-history":[{"count":3,"href":"https:\/\/iheartbooks.ch\/index.php?rest_route=\/wp\/v2\/posts\/2673\/revisions"}],"predecessor-version":[{"id":2685,"href":"https:\/\/iheartbooks.ch\/index.php?rest_route=\/wp\/v2\/posts\/2673\/revisions\/2685"}],"wp:attachment":[{"href":"https:\/\/iheartbooks.ch\/index.php?rest_route=%2Fwp%2Fv2%2Fmedia&parent=2673"}],"wp:term":[{"taxonomy":"category","embeddable":true,"href":"https:\/\/iheartbooks.ch\/index.php?rest_route=%2Fwp%2Fv2%2Fcategories&post=2673"},{"taxonomy":"post_tag","embeddable":true,"href":"https:\/\/iheartbooks.ch\/index.php?rest_route=%2Fwp%2Fv2%2Ftags&post=2673"}],"curies":[{"name":"wp","href":"https:\/\/api.w.org\/{rel}","templated":true}]}}