{"id":2680,"date":"2025-09-08T12:51:12","date_gmt":"2025-09-08T12:51:12","guid":{"rendered":"https:\/\/iheartbooks.ch\/?p=2680"},"modified":"2025-09-08T12:51:12","modified_gmt":"2025-09-08T12:51:12","slug":"the-temporary-wife-die-windsors-2-%e2%ad%90%e2%ad%90%e2%ad%90%e2%ad%90%e2%ad%90","status":"publish","type":"post","link":"https:\/\/iheartbooks.ch\/?p=2680","title":{"rendered":"The Temporary Wife \u2013 Die Windsors 2 \u2b50\u2b50\u2b50\u2b50\u2b50"},"content":{"rendered":"\n<div class=\"wp-block-media-text is-stacked-on-mobile is-vertically-aligned-top\" style=\"grid-template-columns:30% auto\"><figure class=\"wp-block-media-text__media\"><a href=\"https:\/\/bastei-luebbe.de\/Buecher\/New-Adult\/The-Temporary-Wife\/9783736324381\" target=\"_blank\" rel=\" noreferrer noopener\"><img loading=\"lazy\" decoding=\"async\" width=\"378\" height=\"600\" src=\"https:\/\/iheartbooks.ch\/wp-content\/uploads\/2025\/09\/9783736324381.jpg\" alt=\"\" class=\"wp-image-2675 size-full\" srcset=\"https:\/\/iheartbooks.ch\/wp-content\/uploads\/2025\/09\/9783736324381.jpg 378w, https:\/\/iheartbooks.ch\/wp-content\/uploads\/2025\/09\/9783736324381-189x300.jpg 189w\" sizes=\"auto, (max-width: 378px) 100vw, 378px\" \/><\/a><\/figure><div class=\"wp-block-media-text__content\">\n<p class=\"has-drop-cap\"><mark style=\"background-color:rgba(0, 0, 0, 0)\" class=\"has-inline-color has-accent-1-color\">M<\/mark>ein Stapel ungelesener B\u00fccher ist eigentlich schon sehr hoch, aber als mir dieses Cover auffiel, wurde ich neugierig was wohl hinter dieser Office Romance stecken w\u00fcrde.<\/p>\n\n\n\n<p>Von der Autorin kannte ich bis dahin noch kein Buch. Mir war auch nicht bewusst, dass dies schon der zweite Band einer Reihe ist, aber soweit ich das beurteilen kann, ist es auch unabh\u00e4ngig voneinander lesbar. Nat\u00fcrlich, sicher nicht schlecht, wenn man den Vorg\u00e4nger schon kennt, aber nicht so tragisch wenn nicht. (Werde es aber definitiv noch nachholen, den ersten Teil zu lesen)<\/p>\n\n\n\n<p>Die Sprache und der Schreibstil der Autorin waren sehr angenehm. Es hat zu den Figuren und deren Lebensumst\u00e4nde und Jobs gepasst. Ein klarer Aufbau, nat\u00fcrlich auch mit Ups and Downs, aber das war ja fast vorprogrammiert bei einer Zweckehe, die dann aber doch nicht mehr nur ein Vertrag ist, sondern Gef\u00fchle auftauchen. Die hat die Autorin \u00fcbrigens sch\u00f6n gezeichnet.<\/p>\n\n\n\n<p>Im Zentrum sind Valentina und Luca. Ein typische Office Romance Setting mit der Assistentin des CEO. Nur, dass die Dynamik hier doch ein bisschen anders ist, denn eigentlich ist Valentina f\u00fcr den Job \u00fcberqualifiziert und dass weiss Luca auch. Sie ist sehr schlau, wirkt wie eine Eisk\u00f6nigin, aber eigentlich ist es nur Selbstschutz einer jungen Frau, die in ihrer Vergangenheit b\u00f6se hintergangen und verletzt wurde. Gegen Ende der Story werden auch noch ganz andere Emotionen bei ihrer Figur eingewoben, so dass sie wirklich sehr vielschichtig und interessant ist.<\/p>\n\n\n\n<p>Luca scheint der privilegierte CEO und Erbe zu sein, der sich f\u00fcr etwas besseres h\u00e4lt, aber weit gefehlt, der Typ ist n\u00e4mlich zwar gut situiert und hat schon seinen Lifestyle, aber gewisse Situationen bringen ihn an seine Grenzen und f\u00fcr Valentina geht er grosse Risiken ein. Auch Gegen Ende der Geschichte wird bei ihm eine andere Seite gezeichnet, die zeigt, wie unsicher er eigentlich hinter der Fassade ist.<\/p>\n\n\n\n<p>Die Familie Windsor und Valentinas Freundinnen, so wie ihre Abuela, gefielen mir gut. Eine sympathische Gruppe. Nur mit einer Figur kam ich nicht so zurecht \u2013 Lucas Grossmutter Anne. Auch wenn am Ende klar wird, wieso sie so handelt wie sie handelt, finde ich sie leider nicht sehr nett. Sorry.<\/p>\n\n\n\n<p>Ich werde definitiv den ersten Band und die weiteren B\u00e4nde lesen, denn ich m\u00f6chte unbedingt wissen, wie es mit den weiteren Windsor Br\u00fcdern weitergeht.<\/p>\n<\/div><\/div>\n\n\n\n<p>Erschienen bei <a href=\"https:\/\/bastei-luebbe.de\/Buecher\/New-Adult\/The-Temporary-Wife\/9783736324381\" target=\"_blank\" rel=\"noreferrer noopener\">Lyx<\/a> (Cover \u00a9 Bastei L\u00fcbbe)<\/p>\n","protected":false},"excerpt":{"rendered":"<p>Mein Stapel ungelesener B\u00fccher ist eigentlich schon sehr hoch, aber als mir dieses Cover auffiel, wurde ich neugierig was wohl hinter dieser Office Romance stecken &hellip;<\/p>\n","protected":false},"author":1,"featured_media":0,"comment_status":"open","ping_status":"closed","sticky":false,"template":"","format":"standard","meta":{"footnotes":""},"categories":[1731,73],"tags":[1413,1816,1818,1819,174,1290,8,538,516,11,109,1630,39,172,186,1817],"class_list":["post-2680","post","type-post","status-publish","format-standard","hentry","category-office-romance","category-romance-und-young-adult","tag-assistentin","tag-catharina-maura","tag-ceo","tag-fake-ehe-2","tag-familie","tag-gefuehle","tag-happy-end","tag-i-heart-books","tag-iheartbooks","tag-liebe","tag-lyx","tag-office-romance","tag-trauma","tag-vergangenheit","tag-verlust","tag-windsors"],"_links":{"self":[{"href":"https:\/\/iheartbooks.ch\/index.php?rest_route=\/wp\/v2\/posts\/2680","targetHints":{"allow":["GET"]}}],"collection":[{"href":"https:\/\/iheartbooks.ch\/index.php?rest_route=\/wp\/v2\/posts"}],"about":[{"href":"https:\/\/iheartbooks.ch\/index.php?rest_route=\/wp\/v2\/types\/post"}],"author":[{"embeddable":true,"href":"https:\/\/iheartbooks.ch\/index.php?rest_route=\/wp\/v2\/users\/1"}],"replies":[{"embeddable":true,"href":"https:\/\/iheartbooks.ch\/index.php?rest_route=%2Fwp%2Fv2%2Fcomments&post=2680"}],"version-history":[{"count":3,"href":"https:\/\/iheartbooks.ch\/index.php?rest_route=\/wp\/v2\/posts\/2680\/revisions"}],"predecessor-version":[{"id":2687,"href":"https:\/\/iheartbooks.ch\/index.php?rest_route=\/wp\/v2\/posts\/2680\/revisions\/2687"}],"wp:attachment":[{"href":"https:\/\/iheartbooks.ch\/index.php?rest_route=%2Fwp%2Fv2%2Fmedia&parent=2680"}],"wp:term":[{"taxonomy":"category","embeddable":true,"href":"https:\/\/iheartbooks.ch\/index.php?rest_route=%2Fwp%2Fv2%2Fcategories&post=2680"},{"taxonomy":"post_tag","embeddable":true,"href":"https:\/\/iheartbooks.ch\/index.php?rest_route=%2Fwp%2Fv2%2Ftags&post=2680"}],"curies":[{"name":"wp","href":"https:\/\/api.w.org\/{rel}","templated":true}]}}