{"id":2700,"date":"2025-10-08T13:17:25","date_gmt":"2025-10-08T13:17:25","guid":{"rendered":"https:\/\/iheartbooks.ch\/?p=2700"},"modified":"2025-10-08T13:17:25","modified_gmt":"2025-10-08T13:17:25","slug":"my-haunted-heart-%e2%ad%90%e2%ad%90%e2%ad%90%e2%ad%90%e2%ad%90","status":"publish","type":"post","link":"https:\/\/iheartbooks.ch\/?p=2700","title":{"rendered":"My haunted heart \u2b50\u2b50\u2b50\u2b50\u2b50"},"content":{"rendered":"\n<div class=\"wp-block-media-text is-stacked-on-mobile is-vertically-aligned-top\" style=\"grid-template-columns:30% auto\"><figure class=\"wp-block-media-text__media\"><a href=\"https:\/\/www.aufbau-verlage.de\/aufbau-taschenbuch\/my-haunted-heart-ich-sehe-dich\/978-3-7466-4211-6\" target=\"_blank\" rel=\" noreferrer noopener\"><img loading=\"lazy\" decoding=\"async\" width=\"392\" height=\"600\" src=\"https:\/\/iheartbooks.ch\/wp-content\/uploads\/2025\/07\/9783746642116__cover_2d.jpg\" alt=\"\" class=\"wp-image-2626 size-full\" srcset=\"https:\/\/iheartbooks.ch\/wp-content\/uploads\/2025\/07\/9783746642116__cover_2d.jpg 392w, https:\/\/iheartbooks.ch\/wp-content\/uploads\/2025\/07\/9783746642116__cover_2d-196x300.jpg 196w\" sizes=\"auto, (max-width: 392px) 100vw, 392px\" \/><\/a><\/figure><div class=\"wp-block-media-text__content\">\n<p class=\"has-drop-cap\"><mark style=\"background-color:rgba(0, 0, 0, 0)\" class=\"has-inline-color has-accent-1-color\">W<\/mark>oah, also das war mal ein \u00dcberraschungspaket, wie ich es nicht kommen sah&#8230;<\/p>\n\n\n\n<p>Ich kannte bisher noch nichts von der Autorin, daher also komplett was neues. Und ich muss sagen, mir hat ihr Schreibstil wirklich gefallen. Liegt sicher auch daran, dass die Autorin die Geschichte aus zwei Perspektiven geschrieben hat, was mehr Tiefe ergab und mehr Emotionen geweckt hat. (Jedenfalls ging es mir so&#8230;) Die Sprache passte zur Story und den Charakteren. Und auch das Setting war sehr stimmig.<\/p>\n\n\n\n<p>Flora, die Floristin im Ort, ist jemand, den man vielleicht auf den ersten Blick als zerbrechlich und zu sanftm\u00fctig einstufen w\u00fcrde. Aber weit gefehlt. Sie hat \u00fcber das ganze Buch hinweg eine tolle Entwicklung durch gemacht und Mut und St\u00e4rke bewiesen. Nach den ganzen Verlusten die sie beklagen musste, k\u00e4mpfte sie nun einfach f\u00fcr sich selbst und das war beeindruckend.<\/p>\n\n\n\n<p>Sawyer ist&#8230; heftig, beschreibt es wohl am einfachsten. Er ist sehr komplex und sein Background mit der Armee ziemlich d\u00fcsterer Stoff. Manchmal hatte ich echt G\u00e4nsehaut beim Lesen, so emotional hat die Autorin seinen Charakter eingefangen. Er ist mehr als er scheint und mehr als er selber von sich denkt. Auch er macht eine spannende Entwicklung durch.<\/p>\n\n\n\n<p>Ich h\u00e4tte zu Beginn nicht gedacht, wie sich die Story entwickeln w\u00fcrde und wurde sehr \u00fcberrascht. Eine Romance mit d\u00fcsteren Elementen und grossen Emotionen. Wow, kann ich echt empfehlen.<\/p>\n<\/div><\/div>\n\n\n\n<p>Erschienen bei <a href=\"https:\/\/www.aufbau-verlage.de\/aufbau-taschenbuch\/my-haunted-heart-ich-sehe-dich\/978-3-7466-4211-6\" target=\"_blank\" rel=\"noreferrer noopener\">atb<\/a> (Cover \u00a9 Aufbau Verlage)<\/p>\n","protected":false},"excerpt":{"rendered":"<p>Woah, also das war mal ein \u00dcberraschungspaket, wie ich es nicht kommen sah&#8230; Ich kannte bisher noch nichts von der Autorin, daher also komplett was &hellip;<\/p>\n","protected":false},"author":1,"featured_media":0,"comment_status":"open","ping_status":"closed","sticky":false,"template":"","format":"standard","meta":{"footnotes":""},"categories":[73],"tags":[1268,388,131,1651,1302,538,516,1834,749,1835,1827,1367,186],"class_list":["post-2700","post","type-post","status-publish","format-standard","hentry","category-romance-und-young-adult","tag-aengste","tag-aufbau","tag-aufbau-taschenbuch","tag-brieffreundschaft","tag-floristin","tag-i-heart-books","tag-iheartbooks","tag-mimi-kylling","tag-ptbs","tag-sehkraft","tag-soldat","tag-stalking","tag-verlust"],"_links":{"self":[{"href":"https:\/\/iheartbooks.ch\/index.php?rest_route=\/wp\/v2\/posts\/2700","targetHints":{"allow":["GET"]}}],"collection":[{"href":"https:\/\/iheartbooks.ch\/index.php?rest_route=\/wp\/v2\/posts"}],"about":[{"href":"https:\/\/iheartbooks.ch\/index.php?rest_route=\/wp\/v2\/types\/post"}],"author":[{"embeddable":true,"href":"https:\/\/iheartbooks.ch\/index.php?rest_route=\/wp\/v2\/users\/1"}],"replies":[{"embeddable":true,"href":"https:\/\/iheartbooks.ch\/index.php?rest_route=%2Fwp%2Fv2%2Fcomments&post=2700"}],"version-history":[{"count":3,"href":"https:\/\/iheartbooks.ch\/index.php?rest_route=\/wp\/v2\/posts\/2700\/revisions"}],"predecessor-version":[{"id":2710,"href":"https:\/\/iheartbooks.ch\/index.php?rest_route=\/wp\/v2\/posts\/2700\/revisions\/2710"}],"wp:attachment":[{"href":"https:\/\/iheartbooks.ch\/index.php?rest_route=%2Fwp%2Fv2%2Fmedia&parent=2700"}],"wp:term":[{"taxonomy":"category","embeddable":true,"href":"https:\/\/iheartbooks.ch\/index.php?rest_route=%2Fwp%2Fv2%2Fcategories&post=2700"},{"taxonomy":"post_tag","embeddable":true,"href":"https:\/\/iheartbooks.ch\/index.php?rest_route=%2Fwp%2Fv2%2Ftags&post=2700"}],"curies":[{"name":"wp","href":"https:\/\/api.w.org\/{rel}","templated":true}]}}